{"id":15509,"date":"2023-10-18T12:23:04","date_gmt":"2023-10-18T10:23:04","guid":{"rendered":"https:\/\/www.sandiafashion.com\/wo-die-erste-wassermelone-geboren-wurde\/"},"modified":"2023-10-18T12:23:05","modified_gmt":"2023-10-18T10:23:05","slug":"wo-die-erste-wassermelone-geboren-wurde","status":"publish","type":"post","link":"https:\/\/www.sandiafashion.com\/de\/wo-die-erste-wassermelone-geboren-wurde\/","title":{"rendered":"Wo wurde die erste Wassermelone geboren?"},"content":{"rendered":"\n<p>In Spanien wurde die Wassermelone w\u00e4hrend der muslimischen Herrschaft in unser Land eingef\u00fchrt und wurde zur Frucht des Sommers, die seither auf dem spanischen Tisch nicht mehr fehlen darf, um den Gaumen an den hei\u00dfesten Tagen des Jahres zu erfrischen und zu vers\u00fc\u00dfen. Sie ist die perfekte Frucht, um die Hitze und den Fl\u00fcssigkeitsverlust zu bek\u00e4mpfen, da sie viel Wasser enth\u00e4lt, das hilft, die hohen Temperaturen zu bek\u00e4mpfen.<\/p>\n\n<p>Aber aus welchem Land kommt die Wassermelone? <\/p>\n\n<p>Es gibt drei verschiedene Hypothesen \u00fcber den Ursprung dieser Frucht, und wir von Sand\u00eda Fashion m\u00f6chten, dass Sie sie kennen:<\/p>\n\n<p>&#8211; Die Wassermelone wurde zuerst in Afrika kultiviert, von wo aus sie sich \u00fcber wilde Populationen in Afrika nach Europa, den Nahen Osten und Indien verbreitete.<\/p>\n\n<p>&#8211; Die zweite Hypothese besagt, dass es sich bei dieser Frucht um eine K\u00fcrbisart handelt, die im Niltal heimisch war und dort wild wuchs. <\/p>\n\n<p>&#8211; Die letzte Hypothese besagt, dass der Ursprung und die Geschichte der Sommerfrucht die vorherigen Hypothesen vereint. Diese Hypothese wurde von dem Entdecker David Livingston formuliert, der auf seiner ersten Reise in den Norden S\u00fcdafrikas die Geburtsst\u00e4tte der Wassermelone in der Kalahari-W\u00fcste im s\u00fcdlichen Afrika lokalisierte, wo sie wild wuchs. <\/p>\n\n<p>Abgesehen von den unterschiedlichen Vorstellungen, die sich im Laufe der Jahre herausgebildet haben, gibt es noch ein anderes Land, in dem die Wassermelone ihren Ursprung haben soll, n\u00e4mlich die Kalahari-W\u00fcste. Die ersten Belege f\u00fcr den Anbau der Wassermelone finden sich in \u00c4gypten, wo die Frucht zur Dekoration von Gr\u00e4bern verwendet wurde. <\/p>\n\n<p>Erweiterung der Wassermelone&#8230; <\/p>\n\n<p>Die Wassermelone wurde zun\u00e4chst in Afrika angebaut, sp\u00e4ter verbreitete sie sich auf allen Kontinenten, da sie Teil des Warenaustauschs war. Es ist erw\u00e4hnenswert, dass sich die Wassermelone zur Zeit der Kolonisierung auf dem gesamten afrikanischen Kontinent verbreitete und dass es die Kolonisatoren waren, die die Fr\u00fcchte und Samen transportierten und so die Verbreitung der reichhaltigsten Frucht des Sommers beg\u00fcnstigten.<\/p>\n\n<p>Wussten Sie, dass&#8230;? <\/p>\n\n<p>Die Wassermelone wurde im 10. Jahrhundert in Asien eingef\u00fchrt, dem letzten Kontinent, der sie probierte. <\/p>\n\n<p>Welche dieser Annahmen ist Ihrer Meinung nach zutreffend? Eines ist uns klar: Die Wassermelone war schon immer lecker, aber modisch ist sie erst, seit wir auf dem Markt sind!<\/p>\n","protected":false},"excerpt":{"rendered":"<p>In Spanien wurde die Wassermelone w\u00e4hrend der muslimischen Herrschaft in unser Land eingef\u00fchrt und wurde zur Frucht des Sommers, die seither auf dem spanischen Tisch nicht mehr fehlen darf, um den Gaumen an den hei\u00dfesten Tagen des Jahres zu erfrischen und zu vers\u00fc\u00dfen. Sie ist die perfekte Frucht, um die Hitze und den Fl\u00fcssigkeitsverlust zu [&hellip;]<\/p>\n","protected":false},"author":10,"featured_media":0,"comment_status":"closed","ping_status":"closed","sticky":false,"template":"","format":"standard","meta":{"wprm-recipe-roundup-name":"","wprm-recipe-roundup-description":"","footnotes":""},"categories":[266,233,169],"tags":[],"class_list":["post-15509","post","type-post","status-publish","format-standard","hentry","category-blog-de","category-stil-fashion","category-unkategorisiert"],"yoast_head":"<!-- This site is optimized with the Yoast SEO plugin v27.4 - https:\/\/yoast.com\/product\/yoast-seo-wordpress\/ -->\n<title>Wo die erste Wassermelone geboren wurde und wie sie sich verbreitet hat<\/title>\n<meta name=\"description\" content=\"Wassermelonen wurden w\u00e4hrend der muslimischen Herrschaft in Spanien eingef\u00fchrt und wurden zur Frucht des Sommers.\" \/>\n<meta name=\"robots\" content=\"index, follow, max-snippet:-1, max-image-preview:large, max-video-preview:-1\" \/>\n<link rel=\"canonical\" href=\"https:\/\/www.sandiafashion.com\/donde-nacio-la-primera-sandia\/\" \/>\n<meta property=\"og:locale\" content=\"de_DE\" \/>\n<meta property=\"og:type\" content=\"article\" \/>\n<meta property=\"og:title\" content=\"Wo die erste Wassermelone geboren wurde und wie sie sich verbreitet hat\" \/>\n<meta property=\"og:description\" content=\"Wassermelonen wurden w\u00e4hrend der muslimischen Herrschaft in Spanien eingef\u00fchrt und wurden zur Frucht des Sommers.\" \/>\n<meta property=\"og:url\" content=\"https:\/\/www.sandiafashion.com\/donde-nacio-la-primera-sandia\/\" \/>\n<meta property=\"og:site_name\" content=\"Sand\u00eda Fashion\" \/>\n<meta property=\"article:publisher\" content=\"https:\/\/es-es.facebook.com\/sandiafashion\" \/>\n<meta property=\"article:published_time\" content=\"2023-10-18T10:23:04+00:00\" \/>\n<meta property=\"article:modified_time\" content=\"2023-10-18T10:23:05+00:00\" \/>\n<meta property=\"og:image\" content=\"https:\/\/www.sandiafashion.com\/wp-content\/uploads\/2021\/08\/7ec6d17e-1d7c-4a2a-b968-aca07e21cac6-288x300.jpg\" \/>\n<meta name=\"author\" content=\"Fashion_AGF\" \/>\n<meta name=\"twitter:card\" content=\"summary_large_image\" \/>\n<meta name=\"twitter:title\" content=\"Wo die erste Wassermelone geboren wurde und wie sie sich verbreitet hat\" \/>\n<meta name=\"twitter:description\" content=\"Wassermelonen wurden w\u00e4hrend der muslimischen Herrschaft in Spanien eingef\u00fchrt und wurden zur Frucht des Sommers.\" \/>\n<meta name=\"twitter:image\" content=\"https:\/\/www.sandiafashion.com\/wp-content\/uploads\/2021\/08\/7ec6d17e-1d7c-4a2a-b968-aca07e21cac6.jpg\" \/>\n<meta name=\"twitter:creator\" content=\"@sandiafashion\" \/>\n<meta name=\"twitter:site\" content=\"@sandiafashion\" \/>\n<meta name=\"twitter:label1\" content=\"Verfasst von\" \/>\n\t<meta name=\"twitter:data1\" content=\"Fashion_AGF\" \/>\n\t<meta name=\"twitter:label2\" content=\"Gesch\u00e4tzte Lesezeit\" \/>\n\t<meta name=\"twitter:data2\" content=\"2\u00a0Minuten\" \/>\n<script type=\"application\/ld+json\" class=\"yoast-schema-graph\">{\"@context\":\"https:\\\/\\\/schema.org\",\"@graph\":[{\"@type\":\"Article\",\"@id\":\"https:\\\/\\\/www.sandiafashion.com\\\/donde-nacio-la-primera-sandia\\\/#article\",\"isPartOf\":{\"@id\":\"https:\\\/\\\/www.sandiafashion.com\\\/donde-nacio-la-primera-sandia\\\/\"},\"author\":{\"name\":\"Fashion_AGF\",\"@id\":\"https:\\\/\\\/www.sandiafashion.com\\\/#\\\/schema\\\/person\\\/b49a770994e2f3fe03a3df4869f2abac\"},\"headline\":\"Wo wurde die erste Wassermelone geboren?\",\"datePublished\":\"2023-10-18T10:23:04+00:00\",\"dateModified\":\"2023-10-18T10:23:05+00:00\",\"mainEntityOfPage\":{\"@id\":\"https:\\\/\\\/www.sandiafashion.com\\\/donde-nacio-la-primera-sandia\\\/\"},\"wordCount\":385,\"publisher\":{\"@id\":\"https:\\\/\\\/www.sandiafashion.com\\\/#organization\"},\"articleSection\":[\"Blog\",\"STIL FASHION\",\"Unkategorisiert\"],\"inLanguage\":\"de\"},{\"@type\":\"WebPage\",\"@id\":\"https:\\\/\\\/www.sandiafashion.com\\\/donde-nacio-la-primera-sandia\\\/\",\"url\":\"https:\\\/\\\/www.sandiafashion.com\\\/donde-nacio-la-primera-sandia\\\/\",\"name\":\"Wo die erste Wassermelone geboren wurde und wie sie sich verbreitet hat\",\"isPartOf\":{\"@id\":\"https:\\\/\\\/www.sandiafashion.com\\\/#website\"},\"datePublished\":\"2023-10-18T10:23:04+00:00\",\"dateModified\":\"2023-10-18T10:23:05+00:00\",\"description\":\"Wassermelonen wurden w\u00e4hrend der muslimischen Herrschaft in Spanien eingef\u00fchrt und wurden zur Frucht des Sommers.\",\"breadcrumb\":{\"@id\":\"https:\\\/\\\/www.sandiafashion.com\\\/donde-nacio-la-primera-sandia\\\/#breadcrumb\"},\"inLanguage\":\"de\",\"potentialAction\":[{\"@type\":\"ReadAction\",\"target\":[\"https:\\\/\\\/www.sandiafashion.com\\\/donde-nacio-la-primera-sandia\\\/\"]}]},{\"@type\":\"BreadcrumbList\",\"@id\":\"https:\\\/\\\/www.sandiafashion.com\\\/donde-nacio-la-primera-sandia\\\/#breadcrumb\",\"itemListElement\":[{\"@type\":\"ListItem\",\"position\":1,\"name\":\"Startseite\",\"item\":\"https:\\\/\\\/www.sandiafashion.com\\\/de\\\/\"},{\"@type\":\"ListItem\",\"position\":2,\"name\":\"Wo wurde die erste Wassermelone geboren?\"}]},{\"@type\":\"WebSite\",\"@id\":\"https:\\\/\\\/www.sandiafashion.com\\\/#website\",\"url\":\"https:\\\/\\\/www.sandiafashion.com\\\/\",\"name\":\"Sand\u00eda Fashion\",\"description\":\"La sand\u00eda sin pepitas\",\"publisher\":{\"@id\":\"https:\\\/\\\/www.sandiafashion.com\\\/#organization\"},\"potentialAction\":[{\"@type\":\"SearchAction\",\"target\":{\"@type\":\"EntryPoint\",\"urlTemplate\":\"https:\\\/\\\/www.sandiafashion.com\\\/?s={search_term_string}\"},\"query-input\":{\"@type\":\"PropertyValueSpecification\",\"valueRequired\":true,\"valueName\":\"search_term_string\"}}],\"inLanguage\":\"de\"},{\"@type\":\"Organization\",\"@id\":\"https:\\\/\\\/www.sandiafashion.com\\\/#organization\",\"name\":\"Sand\u00eda Fashion\",\"url\":\"https:\\\/\\\/www.sandiafashion.com\\\/\",\"logo\":{\"@type\":\"ImageObject\",\"inLanguage\":\"de\",\"@id\":\"https:\\\/\\\/www.sandiafashion.com\\\/#\\\/schema\\\/logo\\\/image\\\/\",\"url\":\"https:\\\/\\\/www.sandiafashion.com\\\/wp-content\\\/uploads\\\/2016\\\/02\\\/sandia-fashion-logo.png\",\"contentUrl\":\"https:\\\/\\\/www.sandiafashion.com\\\/wp-content\\\/uploads\\\/2016\\\/02\\\/sandia-fashion-logo.png\",\"width\":719,\"height\":221,\"caption\":\"Sand\u00eda Fashion\"},\"image\":{\"@id\":\"https:\\\/\\\/www.sandiafashion.com\\\/#\\\/schema\\\/logo\\\/image\\\/\"},\"sameAs\":[\"https:\\\/\\\/es-es.facebook.com\\\/sandiafashion\",\"https:\\\/\\\/x.com\\\/sandiafashion\",\"https:\\\/\\\/www.instagram.com\\\/sandiafashionoficial\\\/?hl=es\",\"https:\\\/\\\/es.linkedin.com\\\/company\\\/grupo-agf\",\"https:\\\/\\\/www.youtube.com\\\/channel\\\/UCrRbYBZ2CkZWAwGMJiorj_Q\"]},{\"@type\":\"Person\",\"@id\":\"https:\\\/\\\/www.sandiafashion.com\\\/#\\\/schema\\\/person\\\/b49a770994e2f3fe03a3df4869f2abac\",\"name\":\"Fashion_AGF\",\"image\":{\"@type\":\"ImageObject\",\"inLanguage\":\"de\",\"@id\":\"https:\\\/\\\/secure.gravatar.com\\\/avatar\\\/b948595aebe53b59837474f803be4046c3d6ee2c8d260ec9a6ac6e792ebfc9d8?s=96&d=mm&r=g\",\"url\":\"https:\\\/\\\/secure.gravatar.com\\\/avatar\\\/b948595aebe53b59837474f803be4046c3d6ee2c8d260ec9a6ac6e792ebfc9d8?s=96&d=mm&r=g\",\"contentUrl\":\"https:\\\/\\\/secure.gravatar.com\\\/avatar\\\/b948595aebe53b59837474f803be4046c3d6ee2c8d260ec9a6ac6e792ebfc9d8?s=96&d=mm&r=g\",\"caption\":\"Fashion_AGF\"}}]}<\/script>\n<!-- \/ Yoast SEO plugin. -->","yoast_head_json":{"title":"Wo die erste Wassermelone geboren wurde und wie sie sich verbreitet hat","description":"Wassermelonen wurden w\u00e4hrend der muslimischen Herrschaft in Spanien eingef\u00fchrt und wurden zur Frucht des Sommers.","robots":{"index":"index","follow":"follow","max-snippet":"max-snippet:-1","max-image-preview":"max-image-preview:large","max-video-preview":"max-video-preview:-1"},"canonical":"https:\/\/www.sandiafashion.com\/donde-nacio-la-primera-sandia\/","og_locale":"de_DE","og_type":"article","og_title":"Wo die erste Wassermelone geboren wurde und wie sie sich verbreitet hat","og_description":"Wassermelonen wurden w\u00e4hrend der muslimischen Herrschaft in Spanien eingef\u00fchrt und wurden zur Frucht des Sommers.","og_url":"https:\/\/www.sandiafashion.com\/donde-nacio-la-primera-sandia\/","og_site_name":"Sand\u00eda Fashion","article_publisher":"https:\/\/es-es.facebook.com\/sandiafashion","article_published_time":"2023-10-18T10:23:04+00:00","article_modified_time":"2023-10-18T10:23:05+00:00","og_image":[{"url":"https:\/\/www.sandiafashion.com\/wp-content\/uploads\/2021\/08\/7ec6d17e-1d7c-4a2a-b968-aca07e21cac6-288x300.jpg","type":"","width":"","height":""}],"author":"Fashion_AGF","twitter_card":"summary_large_image","twitter_title":"Wo die erste Wassermelone geboren wurde und wie sie sich verbreitet hat","twitter_description":"Wassermelonen wurden w\u00e4hrend der muslimischen Herrschaft in Spanien eingef\u00fchrt und wurden zur Frucht des Sommers.","twitter_image":"https:\/\/www.sandiafashion.com\/wp-content\/uploads\/2021\/08\/7ec6d17e-1d7c-4a2a-b968-aca07e21cac6.jpg","twitter_creator":"@sandiafashion","twitter_site":"@sandiafashion","twitter_misc":{"Verfasst von":"Fashion_AGF","Gesch\u00e4tzte Lesezeit":"2\u00a0Minuten"},"schema":{"@context":"https:\/\/schema.org","@graph":[{"@type":"Article","@id":"https:\/\/www.sandiafashion.com\/donde-nacio-la-primera-sandia\/#article","isPartOf":{"@id":"https:\/\/www.sandiafashion.com\/donde-nacio-la-primera-sandia\/"},"author":{"name":"Fashion_AGF","@id":"https:\/\/www.sandiafashion.com\/#\/schema\/person\/b49a770994e2f3fe03a3df4869f2abac"},"headline":"Wo wurde die erste Wassermelone geboren?","datePublished":"2023-10-18T10:23:04+00:00","dateModified":"2023-10-18T10:23:05+00:00","mainEntityOfPage":{"@id":"https:\/\/www.sandiafashion.com\/donde-nacio-la-primera-sandia\/"},"wordCount":385,"publisher":{"@id":"https:\/\/www.sandiafashion.com\/#organization"},"articleSection":["Blog","STIL FASHION","Unkategorisiert"],"inLanguage":"de"},{"@type":"WebPage","@id":"https:\/\/www.sandiafashion.com\/donde-nacio-la-primera-sandia\/","url":"https:\/\/www.sandiafashion.com\/donde-nacio-la-primera-sandia\/","name":"Wo die erste Wassermelone geboren wurde und wie sie sich verbreitet hat","isPartOf":{"@id":"https:\/\/www.sandiafashion.com\/#website"},"datePublished":"2023-10-18T10:23:04+00:00","dateModified":"2023-10-18T10:23:05+00:00","description":"Wassermelonen wurden w\u00e4hrend der muslimischen Herrschaft in Spanien eingef\u00fchrt und wurden zur Frucht des Sommers.","breadcrumb":{"@id":"https:\/\/www.sandiafashion.com\/donde-nacio-la-primera-sandia\/#breadcrumb"},"inLanguage":"de","potentialAction":[{"@type":"ReadAction","target":["https:\/\/www.sandiafashion.com\/donde-nacio-la-primera-sandia\/"]}]},{"@type":"BreadcrumbList","@id":"https:\/\/www.sandiafashion.com\/donde-nacio-la-primera-sandia\/#breadcrumb","itemListElement":[{"@type":"ListItem","position":1,"name":"Startseite","item":"https:\/\/www.sandiafashion.com\/de\/"},{"@type":"ListItem","position":2,"name":"Wo wurde die erste Wassermelone geboren?"}]},{"@type":"WebSite","@id":"https:\/\/www.sandiafashion.com\/#website","url":"https:\/\/www.sandiafashion.com\/","name":"Sand\u00eda Fashion","description":"La sand\u00eda sin pepitas","publisher":{"@id":"https:\/\/www.sandiafashion.com\/#organization"},"potentialAction":[{"@type":"SearchAction","target":{"@type":"EntryPoint","urlTemplate":"https:\/\/www.sandiafashion.com\/?s={search_term_string}"},"query-input":{"@type":"PropertyValueSpecification","valueRequired":true,"valueName":"search_term_string"}}],"inLanguage":"de"},{"@type":"Organization","@id":"https:\/\/www.sandiafashion.com\/#organization","name":"Sand\u00eda Fashion","url":"https:\/\/www.sandiafashion.com\/","logo":{"@type":"ImageObject","inLanguage":"de","@id":"https:\/\/www.sandiafashion.com\/#\/schema\/logo\/image\/","url":"https:\/\/www.sandiafashion.com\/wp-content\/uploads\/2016\/02\/sandia-fashion-logo.png","contentUrl":"https:\/\/www.sandiafashion.com\/wp-content\/uploads\/2016\/02\/sandia-fashion-logo.png","width":719,"height":221,"caption":"Sand\u00eda Fashion"},"image":{"@id":"https:\/\/www.sandiafashion.com\/#\/schema\/logo\/image\/"},"sameAs":["https:\/\/es-es.facebook.com\/sandiafashion","https:\/\/x.com\/sandiafashion","https:\/\/www.instagram.com\/sandiafashionoficial\/?hl=es","https:\/\/es.linkedin.com\/company\/grupo-agf","https:\/\/www.youtube.com\/channel\/UCrRbYBZ2CkZWAwGMJiorj_Q"]},{"@type":"Person","@id":"https:\/\/www.sandiafashion.com\/#\/schema\/person\/b49a770994e2f3fe03a3df4869f2abac","name":"Fashion_AGF","image":{"@type":"ImageObject","inLanguage":"de","@id":"https:\/\/secure.gravatar.com\/avatar\/b948595aebe53b59837474f803be4046c3d6ee2c8d260ec9a6ac6e792ebfc9d8?s=96&d=mm&r=g","url":"https:\/\/secure.gravatar.com\/avatar\/b948595aebe53b59837474f803be4046c3d6ee2c8d260ec9a6ac6e792ebfc9d8?s=96&d=mm&r=g","contentUrl":"https:\/\/secure.gravatar.com\/avatar\/b948595aebe53b59837474f803be4046c3d6ee2c8d260ec9a6ac6e792ebfc9d8?s=96&d=mm&r=g","caption":"Fashion_AGF"}}]}},"_links":{"self":[{"href":"https:\/\/www.sandiafashion.com\/de\/wp-json\/wp\/v2\/posts\/15509","targetHints":{"allow":["GET"]}}],"collection":[{"href":"https:\/\/www.sandiafashion.com\/de\/wp-json\/wp\/v2\/posts"}],"about":[{"href":"https:\/\/www.sandiafashion.com\/de\/wp-json\/wp\/v2\/types\/post"}],"author":[{"embeddable":true,"href":"https:\/\/www.sandiafashion.com\/de\/wp-json\/wp\/v2\/users\/10"}],"replies":[{"embeddable":true,"href":"https:\/\/www.sandiafashion.com\/de\/wp-json\/wp\/v2\/comments?post=15509"}],"version-history":[{"count":0,"href":"https:\/\/www.sandiafashion.com\/de\/wp-json\/wp\/v2\/posts\/15509\/revisions"}],"wp:attachment":[{"href":"https:\/\/www.sandiafashion.com\/de\/wp-json\/wp\/v2\/media?parent=15509"}],"wp:term":[{"taxonomy":"category","embeddable":true,"href":"https:\/\/www.sandiafashion.com\/de\/wp-json\/wp\/v2\/categories?post=15509"},{"taxonomy":"post_tag","embeddable":true,"href":"https:\/\/www.sandiafashion.com\/de\/wp-json\/wp\/v2\/tags?post=15509"}],"curies":[{"name":"wp","href":"https:\/\/api.w.org\/{rel}","templated":true}]}}