{"id":15503,"date":"2023-10-18T12:20:46","date_gmt":"2023-10-18T10:20:46","guid":{"rendered":"https:\/\/www.sandiafashion.com\/ou-est-nee-la-premiere-pasteque\/"},"modified":"2023-10-18T12:20:47","modified_gmt":"2023-10-18T10:20:47","slug":"ou-est-nee-la-premiere-pasteque","status":"publish","type":"post","link":"https:\/\/www.sandiafashion.com\/fr\/ou-est-nee-la-premiere-pasteque\/","title":{"rendered":"O\u00f9 est n\u00e9e la premi\u00e8re past\u00e8que?"},"content":{"rendered":"\n<p>En Espagne, les past\u00e8ques ont \u00e9t\u00e9 introduites sur notre terre pendant la domination musulmane, devenant le fruit de l&rsquo;\u00e9t\u00e9 qui, depuis lors, ne peut manquer sur la table espagnole pour rafra\u00eechir et adoucir le palais pendant les jours les plus chauds de l&rsquo;ann\u00e9e. C&rsquo;est le fruit id\u00e9al pour lutter contre la chaleur et la d\u00e9shydratation gr\u00e2ce \u00e0 sa grande quantit\u00e9 d&rsquo;eau, qui aide \u00e0 combattre les temp\u00e9ratures \u00e9lev\u00e9es.<\/p>\n\n<p>Mais de quel pays vient la past\u00e8que? <\/p>\n\n<p>Il existe trois hypoth\u00e8ses diff\u00e9rentes sur l&rsquo;origine de ce fruit, et chez Sand\u00eda Fashion, nous voulons que vous les connaissiez:<\/p>\n\n<p>&#8211; La past\u00e8que a \u00e9t\u00e9 cultiv\u00e9e pour la premi\u00e8re fois en Afrique, d&rsquo;o\u00f9 elle s&rsquo;est r\u00e9pandue en Europe, au Moyen-Orient et en Inde \u00e0 partir des populations sauvages d&rsquo;Afrique.<\/p>\n\n<p>&#8211; La seconde hypoth\u00e8se \u00e9voque l&rsquo;origine de ce fruit en tant qu&rsquo;esp\u00e8ce de cucurbitac\u00e9e originaire de la vall\u00e9e du Nil, o\u00f9 elle poussait \u00e0 l&rsquo;\u00e9tat sauvage. <\/p>\n\n<p>&#8211; La derni\u00e8re nous dit que l&rsquo;origine et l&rsquo;histoire du fruit d&rsquo;\u00e9t\u00e9 combinent les pr\u00e9c\u00e9dentes. Cette hypoth\u00e8se a \u00e9t\u00e9 formul\u00e9e par l&rsquo;explorateur David Livingston qui, lors de son premier voyage au nord de l&rsquo;Afrique du Sud, a localis\u00e9 la naissance de la past\u00e8que dans le d\u00e9sert du Kalahari, en Afrique australe, o\u00f9 elle poussait \u00e0 l&rsquo;\u00e9tat sauvage. <\/p>\n\n<p>Au-del\u00e0 des diff\u00e9rentes id\u00e9es formul\u00e9es au fil des ans, il convient de mentionner qu&rsquo;il existe une autre terre d&rsquo;origine de la past\u00e8que, \u00e0 savoir le d\u00e9sert du Kalahari. Les premi\u00e8res traces de culture se trouvent en \u00c9gypte, o\u00f9 le fruit \u00e9tait utilis\u00e9 pour d\u00e9corer les tombes. <\/p>\n\n<p>Expansion de la past\u00e8que&#8230; <\/p>\n\n<p>La past\u00e8que a commenc\u00e9 \u00e0 \u00eatre cultiv\u00e9e en Afrique, puis elle s&rsquo;est r\u00e9pandue sur tous les continents car elle faisait partie des \u00e9changes de marchandises. Il est int\u00e9ressant de noter que la past\u00e8que s&rsquo;est r\u00e9pandue sur tout le continent africain au moment de la colonisation et que ce sont les colonisateurs qui ont transport\u00e9 les fruits et les graines, favorisant ainsi l&rsquo;expansion du fruit le plus riche de l&rsquo;\u00e9t\u00e9.<\/p>\n\n<p>Saviez-vous que&#8230;? <\/p>\n\n<p>La past\u00e8que a \u00e9t\u00e9 introduite en Asie au Xe si\u00e8cle, le dernier continent \u00e0 l&rsquo;avoir essay\u00e9e. <\/p>\n\n<p>Laquelle de ces hypoth\u00e8ses est la bonne? Une chose est claire pour nous: la past\u00e8que a toujours \u00e9t\u00e9 savoureuse, mais elle n&rsquo;est \u00e0 la mode que depuis que nous sommes arriv\u00e9s sur le march\u00e9!<\/p>\n","protected":false},"excerpt":{"rendered":"<p>En Espagne, les past\u00e8ques ont \u00e9t\u00e9 introduites sur notre terre pendant la domination musulmane, devenant le fruit de l&rsquo;\u00e9t\u00e9 qui, depuis lors, ne peut manquer sur la table espagnole pour rafra\u00eechir et adoucir le palais pendant les jours les plus chauds de l&rsquo;ann\u00e9e. C&rsquo;est le fruit id\u00e9al pour lutter contre la chaleur et la d\u00e9shydratation [&hellip;]<\/p>\n","protected":false},"author":10,"featured_media":0,"comment_status":"closed","ping_status":"closed","sticky":false,"template":"","format":"standard","meta":{"wprm-recipe-roundup-name":"","wprm-recipe-roundup-description":"","footnotes":""},"categories":[265,170,232],"tags":[],"class_list":["post-15503","post","type-post","status-publish","format-standard","hentry","category-blog-fr","category-non-classifiee","category-style-fashion"],"yoast_head":"<!-- This site is optimized with the Yoast SEO plugin v27.4 - https:\/\/yoast.com\/product\/yoast-seo-wordpress\/ -->\n<title>O\u00f9 est n\u00e9e la premi\u00e8re past\u00e8que et comment elle s&#039;est r\u00e9pandue<\/title>\n<meta name=\"description\" content=\"Les past\u00e8ques ont \u00e9t\u00e9 introduites en Espagne pendant la domination musulmane et sont devenues le fruit de l&#039;\u00e9t\u00e9.\" \/>\n<meta name=\"robots\" content=\"index, follow, max-snippet:-1, max-image-preview:large, max-video-preview:-1\" \/>\n<link rel=\"canonical\" href=\"https:\/\/www.sandiafashion.com\/fr\/ou-est-nee-la-premiere-pasteque\/\" \/>\n<meta property=\"og:locale\" content=\"fr_FR\" \/>\n<meta property=\"og:type\" content=\"article\" \/>\n<meta property=\"og:title\" content=\"O\u00f9 est n\u00e9e la premi\u00e8re past\u00e8que et comment elle s&#039;est r\u00e9pandue\" \/>\n<meta property=\"og:description\" content=\"Les past\u00e8ques ont \u00e9t\u00e9 introduites en Espagne pendant la domination musulmane et sont devenues le fruit de l&#039;\u00e9t\u00e9.\" \/>\n<meta property=\"og:url\" content=\"https:\/\/www.sandiafashion.com\/fr\/ou-est-nee-la-premiere-pasteque\/\" \/>\n<meta property=\"og:site_name\" content=\"Sand\u00eda Fashion\" \/>\n<meta property=\"article:publisher\" content=\"https:\/\/es-es.facebook.com\/sandiafashion\" \/>\n<meta property=\"article:published_time\" content=\"2023-10-18T10:20:46+00:00\" \/>\n<meta property=\"article:modified_time\" content=\"2023-10-18T10:20:47+00:00\" \/>\n<meta property=\"og:image\" content=\"https:\/\/www.sandiafashion.com\/wp-content\/uploads\/2021\/08\/7ec6d17e-1d7c-4a2a-b968-aca07e21cac6-288x300.jpg\" \/>\n<meta name=\"author\" content=\"Fashion_AGF\" \/>\n<meta name=\"twitter:card\" content=\"summary_large_image\" \/>\n<meta name=\"twitter:title\" content=\"O\u00f9 est n\u00e9e la premi\u00e8re past\u00e8que et comment elle s&#039;est r\u00e9pandue\" \/>\n<meta name=\"twitter:description\" content=\"Les past\u00e8ques ont \u00e9t\u00e9 introduites en Espagne pendant la domination musulmane et sont devenues le fruit de l&#039;\u00e9t\u00e9.\" \/>\n<meta name=\"twitter:image\" content=\"https:\/\/www.sandiafashion.com\/wp-content\/uploads\/2021\/08\/7ec6d17e-1d7c-4a2a-b968-aca07e21cac6.jpg\" \/>\n<meta name=\"twitter:creator\" content=\"@sandiafashion\" \/>\n<meta name=\"twitter:site\" content=\"@sandiafashion\" \/>\n<meta name=\"twitter:label1\" content=\"\u00c9crit par\" \/>\n\t<meta name=\"twitter:data1\" content=\"Fashion_AGF\" \/>\n\t<meta name=\"twitter:label2\" content=\"Dur\u00e9e de lecture estim\u00e9e\" \/>\n\t<meta name=\"twitter:data2\" content=\"2 minutes\" \/>\n<script type=\"application\/ld+json\" class=\"yoast-schema-graph\">{\"@context\":\"https:\\\/\\\/schema.org\",\"@graph\":[{\"@type\":\"Article\",\"@id\":\"https:\\\/\\\/www.sandiafashion.com\\\/fr\\\/ou-est-nee-la-premiere-pasteque\\\/#article\",\"isPartOf\":{\"@id\":\"https:\\\/\\\/www.sandiafashion.com\\\/fr\\\/ou-est-nee-la-premiere-pasteque\\\/\"},\"author\":{\"name\":\"Fashion_AGF\",\"@id\":\"https:\\\/\\\/www.sandiafashion.com\\\/#\\\/schema\\\/person\\\/b49a770994e2f3fe03a3df4869f2abac\"},\"headline\":\"O\u00f9 est n\u00e9e la premi\u00e8re past\u00e8que?\",\"datePublished\":\"2023-10-18T10:20:46+00:00\",\"dateModified\":\"2023-10-18T10:20:47+00:00\",\"mainEntityOfPage\":{\"@id\":\"https:\\\/\\\/www.sandiafashion.com\\\/fr\\\/ou-est-nee-la-premiere-pasteque\\\/\"},\"wordCount\":450,\"publisher\":{\"@id\":\"https:\\\/\\\/www.sandiafashion.com\\\/#organization\"},\"articleSection\":[\"Blog\",\"Non classifi\u00e9(e)\",\"STYLE FASHION\"],\"inLanguage\":\"fr-FR\"},{\"@type\":\"WebPage\",\"@id\":\"https:\\\/\\\/www.sandiafashion.com\\\/fr\\\/ou-est-nee-la-premiere-pasteque\\\/\",\"url\":\"https:\\\/\\\/www.sandiafashion.com\\\/fr\\\/ou-est-nee-la-premiere-pasteque\\\/\",\"name\":\"O\u00f9 est n\u00e9e la premi\u00e8re past\u00e8que et comment elle s'est r\u00e9pandue\",\"isPartOf\":{\"@id\":\"https:\\\/\\\/www.sandiafashion.com\\\/#website\"},\"datePublished\":\"2023-10-18T10:20:46+00:00\",\"dateModified\":\"2023-10-18T10:20:47+00:00\",\"description\":\"Les past\u00e8ques ont \u00e9t\u00e9 introduites en Espagne pendant la domination musulmane et sont devenues le fruit de l'\u00e9t\u00e9.\",\"breadcrumb\":{\"@id\":\"https:\\\/\\\/www.sandiafashion.com\\\/fr\\\/ou-est-nee-la-premiere-pasteque\\\/#breadcrumb\"},\"inLanguage\":\"fr-FR\",\"potentialAction\":[{\"@type\":\"ReadAction\",\"target\":[\"https:\\\/\\\/www.sandiafashion.com\\\/fr\\\/ou-est-nee-la-premiere-pasteque\\\/\"]}]},{\"@type\":\"BreadcrumbList\",\"@id\":\"https:\\\/\\\/www.sandiafashion.com\\\/fr\\\/ou-est-nee-la-premiere-pasteque\\\/#breadcrumb\",\"itemListElement\":[{\"@type\":\"ListItem\",\"position\":1,\"name\":\"Accueil\",\"item\":\"https:\\\/\\\/www.sandiafashion.com\\\/fr\\\/\"},{\"@type\":\"ListItem\",\"position\":2,\"name\":\"O\u00f9 est n\u00e9e la premi\u00e8re past\u00e8que?\"}]},{\"@type\":\"WebSite\",\"@id\":\"https:\\\/\\\/www.sandiafashion.com\\\/#website\",\"url\":\"https:\\\/\\\/www.sandiafashion.com\\\/\",\"name\":\"Sand\u00eda Fashion\",\"description\":\"La sand\u00eda sin pepitas\",\"publisher\":{\"@id\":\"https:\\\/\\\/www.sandiafashion.com\\\/#organization\"},\"potentialAction\":[{\"@type\":\"SearchAction\",\"target\":{\"@type\":\"EntryPoint\",\"urlTemplate\":\"https:\\\/\\\/www.sandiafashion.com\\\/?s={search_term_string}\"},\"query-input\":{\"@type\":\"PropertyValueSpecification\",\"valueRequired\":true,\"valueName\":\"search_term_string\"}}],\"inLanguage\":\"fr-FR\"},{\"@type\":\"Organization\",\"@id\":\"https:\\\/\\\/www.sandiafashion.com\\\/#organization\",\"name\":\"Sand\u00eda Fashion\",\"url\":\"https:\\\/\\\/www.sandiafashion.com\\\/\",\"logo\":{\"@type\":\"ImageObject\",\"inLanguage\":\"fr-FR\",\"@id\":\"https:\\\/\\\/www.sandiafashion.com\\\/#\\\/schema\\\/logo\\\/image\\\/\",\"url\":\"https:\\\/\\\/www.sandiafashion.com\\\/wp-content\\\/uploads\\\/2016\\\/02\\\/sandia-fashion-logo.png\",\"contentUrl\":\"https:\\\/\\\/www.sandiafashion.com\\\/wp-content\\\/uploads\\\/2016\\\/02\\\/sandia-fashion-logo.png\",\"width\":719,\"height\":221,\"caption\":\"Sand\u00eda Fashion\"},\"image\":{\"@id\":\"https:\\\/\\\/www.sandiafashion.com\\\/#\\\/schema\\\/logo\\\/image\\\/\"},\"sameAs\":[\"https:\\\/\\\/es-es.facebook.com\\\/sandiafashion\",\"https:\\\/\\\/x.com\\\/sandiafashion\",\"https:\\\/\\\/www.instagram.com\\\/sandiafashionoficial\\\/?hl=es\",\"https:\\\/\\\/es.linkedin.com\\\/company\\\/grupo-agf\",\"https:\\\/\\\/www.youtube.com\\\/channel\\\/UCrRbYBZ2CkZWAwGMJiorj_Q\"]},{\"@type\":\"Person\",\"@id\":\"https:\\\/\\\/www.sandiafashion.com\\\/#\\\/schema\\\/person\\\/b49a770994e2f3fe03a3df4869f2abac\",\"name\":\"Fashion_AGF\",\"image\":{\"@type\":\"ImageObject\",\"inLanguage\":\"fr-FR\",\"@id\":\"https:\\\/\\\/secure.gravatar.com\\\/avatar\\\/b948595aebe53b59837474f803be4046c3d6ee2c8d260ec9a6ac6e792ebfc9d8?s=96&d=mm&r=g\",\"url\":\"https:\\\/\\\/secure.gravatar.com\\\/avatar\\\/b948595aebe53b59837474f803be4046c3d6ee2c8d260ec9a6ac6e792ebfc9d8?s=96&d=mm&r=g\",\"contentUrl\":\"https:\\\/\\\/secure.gravatar.com\\\/avatar\\\/b948595aebe53b59837474f803be4046c3d6ee2c8d260ec9a6ac6e792ebfc9d8?s=96&d=mm&r=g\",\"caption\":\"Fashion_AGF\"}}]}<\/script>\n<!-- \/ Yoast SEO plugin. -->","yoast_head_json":{"title":"O\u00f9 est n\u00e9e la premi\u00e8re past\u00e8que et comment elle s'est r\u00e9pandue","description":"Les past\u00e8ques ont \u00e9t\u00e9 introduites en Espagne pendant la domination musulmane et sont devenues le fruit de l'\u00e9t\u00e9.","robots":{"index":"index","follow":"follow","max-snippet":"max-snippet:-1","max-image-preview":"max-image-preview:large","max-video-preview":"max-video-preview:-1"},"canonical":"https:\/\/www.sandiafashion.com\/fr\/ou-est-nee-la-premiere-pasteque\/","og_locale":"fr_FR","og_type":"article","og_title":"O\u00f9 est n\u00e9e la premi\u00e8re past\u00e8que et comment elle s'est r\u00e9pandue","og_description":"Les past\u00e8ques ont \u00e9t\u00e9 introduites en Espagne pendant la domination musulmane et sont devenues le fruit de l'\u00e9t\u00e9.","og_url":"https:\/\/www.sandiafashion.com\/fr\/ou-est-nee-la-premiere-pasteque\/","og_site_name":"Sand\u00eda Fashion","article_publisher":"https:\/\/es-es.facebook.com\/sandiafashion","article_published_time":"2023-10-18T10:20:46+00:00","article_modified_time":"2023-10-18T10:20:47+00:00","og_image":[{"url":"https:\/\/www.sandiafashion.com\/wp-content\/uploads\/2021\/08\/7ec6d17e-1d7c-4a2a-b968-aca07e21cac6-288x300.jpg","type":"","width":"","height":""}],"author":"Fashion_AGF","twitter_card":"summary_large_image","twitter_title":"O\u00f9 est n\u00e9e la premi\u00e8re past\u00e8que et comment elle s'est r\u00e9pandue","twitter_description":"Les past\u00e8ques ont \u00e9t\u00e9 introduites en Espagne pendant la domination musulmane et sont devenues le fruit de l'\u00e9t\u00e9.","twitter_image":"https:\/\/www.sandiafashion.com\/wp-content\/uploads\/2021\/08\/7ec6d17e-1d7c-4a2a-b968-aca07e21cac6.jpg","twitter_creator":"@sandiafashion","twitter_site":"@sandiafashion","twitter_misc":{"\u00c9crit par":"Fashion_AGF","Dur\u00e9e de lecture estim\u00e9e":"2 minutes"},"schema":{"@context":"https:\/\/schema.org","@graph":[{"@type":"Article","@id":"https:\/\/www.sandiafashion.com\/fr\/ou-est-nee-la-premiere-pasteque\/#article","isPartOf":{"@id":"https:\/\/www.sandiafashion.com\/fr\/ou-est-nee-la-premiere-pasteque\/"},"author":{"name":"Fashion_AGF","@id":"https:\/\/www.sandiafashion.com\/#\/schema\/person\/b49a770994e2f3fe03a3df4869f2abac"},"headline":"O\u00f9 est n\u00e9e la premi\u00e8re past\u00e8que?","datePublished":"2023-10-18T10:20:46+00:00","dateModified":"2023-10-18T10:20:47+00:00","mainEntityOfPage":{"@id":"https:\/\/www.sandiafashion.com\/fr\/ou-est-nee-la-premiere-pasteque\/"},"wordCount":450,"publisher":{"@id":"https:\/\/www.sandiafashion.com\/#organization"},"articleSection":["Blog","Non classifi\u00e9(e)","STYLE FASHION"],"inLanguage":"fr-FR"},{"@type":"WebPage","@id":"https:\/\/www.sandiafashion.com\/fr\/ou-est-nee-la-premiere-pasteque\/","url":"https:\/\/www.sandiafashion.com\/fr\/ou-est-nee-la-premiere-pasteque\/","name":"O\u00f9 est n\u00e9e la premi\u00e8re past\u00e8que et comment elle s'est r\u00e9pandue","isPartOf":{"@id":"https:\/\/www.sandiafashion.com\/#website"},"datePublished":"2023-10-18T10:20:46+00:00","dateModified":"2023-10-18T10:20:47+00:00","description":"Les past\u00e8ques ont \u00e9t\u00e9 introduites en Espagne pendant la domination musulmane et sont devenues le fruit de l'\u00e9t\u00e9.","breadcrumb":{"@id":"https:\/\/www.sandiafashion.com\/fr\/ou-est-nee-la-premiere-pasteque\/#breadcrumb"},"inLanguage":"fr-FR","potentialAction":[{"@type":"ReadAction","target":["https:\/\/www.sandiafashion.com\/fr\/ou-est-nee-la-premiere-pasteque\/"]}]},{"@type":"BreadcrumbList","@id":"https:\/\/www.sandiafashion.com\/fr\/ou-est-nee-la-premiere-pasteque\/#breadcrumb","itemListElement":[{"@type":"ListItem","position":1,"name":"Accueil","item":"https:\/\/www.sandiafashion.com\/fr\/"},{"@type":"ListItem","position":2,"name":"O\u00f9 est n\u00e9e la premi\u00e8re past\u00e8que?"}]},{"@type":"WebSite","@id":"https:\/\/www.sandiafashion.com\/#website","url":"https:\/\/www.sandiafashion.com\/","name":"Sand\u00eda Fashion","description":"La sand\u00eda sin pepitas","publisher":{"@id":"https:\/\/www.sandiafashion.com\/#organization"},"potentialAction":[{"@type":"SearchAction","target":{"@type":"EntryPoint","urlTemplate":"https:\/\/www.sandiafashion.com\/?s={search_term_string}"},"query-input":{"@type":"PropertyValueSpecification","valueRequired":true,"valueName":"search_term_string"}}],"inLanguage":"fr-FR"},{"@type":"Organization","@id":"https:\/\/www.sandiafashion.com\/#organization","name":"Sand\u00eda Fashion","url":"https:\/\/www.sandiafashion.com\/","logo":{"@type":"ImageObject","inLanguage":"fr-FR","@id":"https:\/\/www.sandiafashion.com\/#\/schema\/logo\/image\/","url":"https:\/\/www.sandiafashion.com\/wp-content\/uploads\/2016\/02\/sandia-fashion-logo.png","contentUrl":"https:\/\/www.sandiafashion.com\/wp-content\/uploads\/2016\/02\/sandia-fashion-logo.png","width":719,"height":221,"caption":"Sand\u00eda Fashion"},"image":{"@id":"https:\/\/www.sandiafashion.com\/#\/schema\/logo\/image\/"},"sameAs":["https:\/\/es-es.facebook.com\/sandiafashion","https:\/\/x.com\/sandiafashion","https:\/\/www.instagram.com\/sandiafashionoficial\/?hl=es","https:\/\/es.linkedin.com\/company\/grupo-agf","https:\/\/www.youtube.com\/channel\/UCrRbYBZ2CkZWAwGMJiorj_Q"]},{"@type":"Person","@id":"https:\/\/www.sandiafashion.com\/#\/schema\/person\/b49a770994e2f3fe03a3df4869f2abac","name":"Fashion_AGF","image":{"@type":"ImageObject","inLanguage":"fr-FR","@id":"https:\/\/secure.gravatar.com\/avatar\/b948595aebe53b59837474f803be4046c3d6ee2c8d260ec9a6ac6e792ebfc9d8?s=96&d=mm&r=g","url":"https:\/\/secure.gravatar.com\/avatar\/b948595aebe53b59837474f803be4046c3d6ee2c8d260ec9a6ac6e792ebfc9d8?s=96&d=mm&r=g","contentUrl":"https:\/\/secure.gravatar.com\/avatar\/b948595aebe53b59837474f803be4046c3d6ee2c8d260ec9a6ac6e792ebfc9d8?s=96&d=mm&r=g","caption":"Fashion_AGF"}}]}},"_links":{"self":[{"href":"https:\/\/www.sandiafashion.com\/fr\/wp-json\/wp\/v2\/posts\/15503","targetHints":{"allow":["GET"]}}],"collection":[{"href":"https:\/\/www.sandiafashion.com\/fr\/wp-json\/wp\/v2\/posts"}],"about":[{"href":"https:\/\/www.sandiafashion.com\/fr\/wp-json\/wp\/v2\/types\/post"}],"author":[{"embeddable":true,"href":"https:\/\/www.sandiafashion.com\/fr\/wp-json\/wp\/v2\/users\/10"}],"replies":[{"embeddable":true,"href":"https:\/\/www.sandiafashion.com\/fr\/wp-json\/wp\/v2\/comments?post=15503"}],"version-history":[{"count":0,"href":"https:\/\/www.sandiafashion.com\/fr\/wp-json\/wp\/v2\/posts\/15503\/revisions"}],"wp:attachment":[{"href":"https:\/\/www.sandiafashion.com\/fr\/wp-json\/wp\/v2\/media?parent=15503"}],"wp:term":[{"taxonomy":"category","embeddable":true,"href":"https:\/\/www.sandiafashion.com\/fr\/wp-json\/wp\/v2\/categories?post=15503"},{"taxonomy":"post_tag","embeddable":true,"href":"https:\/\/www.sandiafashion.com\/fr\/wp-json\/wp\/v2\/tags?post=15503"}],"curies":[{"name":"wp","href":"https:\/\/api.w.org\/{rel}","templated":true}]}}